{"id":25775,"date":"2024-04-01T08:56:39","date_gmt":"2024-04-01T07:56:39","guid":{"rendered":"https:\/\/www.talentiam.com\/?p=25775"},"modified":"2024-04-01T08:56:39","modified_gmt":"2024-04-01T07:56:39","slug":"la-semana-de-la-moda-de-copenhague-abandona-el-uso-de-pieles-y-plumas-exoticas","status":"publish","type":"post","link":"https:\/\/www.talentiam.com\/es\/blog\/la-semana-de-la-moda-de-copenhague-abandona-el-uso-de-pieles-y-plumas-exoticas\/","title":{"rendered":"La Semana de la Moda de Copenhague abandona el uso de pieles y plumas ex\u00f3ticas"},"content":{"rendered":"<p>La <a href=\"https:\/\/copenhagenfashionweek.com\/\" target=\"_blank\" rel=\"noopener\">Semana de la Moda de Copenhague<\/a> est\u00e1 forjando a pulso su lugar dentro de la industria de la moda. Nueva York, Par\u00eds o Mil\u00e1n miran hacia Dinamarca con cierto recelo, mientras celebran que las diferencias de impacto a\u00fan son altas. La moda del norte de Europa ofrece un gran protagonismo a los nuevos talentos y coloca la sostenibilidad y la innovaci\u00f3n en primer lugar. La moda circular y el <em>upcycling<\/em> fueron puntos esenciales de la \u00faltima edici\u00f3n de este evento, que cont\u00f3 con la presencia de Wood Wood,\u00a0Baum und Pferdgarten,\u00a0CIFF y\u00a0TG by Tatiana Chumak. Una de las \u00faltimas noticias relacionadas con esta pasarela se alinea con una tendencia al alza en el sector: la prohibici\u00f3n del uso de pieles y plumas ex\u00f3ticas.<\/p>\n<p><img fetchpriority=\"high\" decoding=\"async\" class=\"alignnone size-full wp-image-25776\" src=\"https:\/\/www.talentiam.com\/wp-content\/uploads\/2024\/04\/Captura-de-Pantalla-2024-04-01-a-las-9.52.56.jpg\" alt=\"Semana de la Moda de Copenhague\" width=\"2522\" height=\"1562\" srcset=\"https:\/\/www.talentiam.com\/wp-content\/uploads\/2024\/04\/Captura-de-Pantalla-2024-04-01-a-las-9.52.56.jpg 2522w, https:\/\/www.talentiam.com\/wp-content\/uploads\/2024\/04\/Captura-de-Pantalla-2024-04-01-a-las-9.52.56-300x186.jpg 300w, https:\/\/www.talentiam.com\/wp-content\/uploads\/2024\/04\/Captura-de-Pantalla-2024-04-01-a-las-9.52.56-1024x634.jpg 1024w, https:\/\/www.talentiam.com\/wp-content\/uploads\/2024\/04\/Captura-de-Pantalla-2024-04-01-a-las-9.52.56-768x476.jpg 768w, https:\/\/www.talentiam.com\/wp-content\/uploads\/2024\/04\/Captura-de-Pantalla-2024-04-01-a-las-9.52.56-1536x951.jpg 1536w, https:\/\/www.talentiam.com\/wp-content\/uploads\/2024\/04\/Captura-de-Pantalla-2024-04-01-a-las-9.52.56-2048x1268.jpg 2048w\" sizes=\"(max-width: 2522px) 100vw, 2522px\" \/><\/p>\n<p>De acuerdo con <a href=\"https:\/\/fashionunited.es\/noticias\/moda\/la-semana-de-la-moda-de-copenhague-prohibira-las-colecciones-con-pieles-y-plumas-exoticas\/2024032842878\" target=\"_blank\" rel=\"noopener\">Fashion United<\/a>, \u00abla Copenhague Fashion Week exige que los dise\u00f1adores se adhieran a \u00abelecciones inteligentes de materiales\u00bb, lo que significa que las colecciones deben consistir en al menos un 50 por ciento de materiales sostenibles certificados, preferidos o de pr\u00f3xima generaci\u00f3n, as\u00ed como <strong>materiales reciclados, reciclados o fabricados a partir de material muerto<\/strong>\u00ab. Adem\u00e1s, leemos que \u00abCPHFW cumple con la directiva REACH de la Uni\u00f3n Europea, cuyo objetivo es proteger mejor la salud humana y el medio ambiente de los riesgos qu\u00edmicos mediante el establecimiento de una lista de sustancias prohibidas\u00bb. Finalmente, \u00abCopenhague est\u00e1 designada como zona libre de pieles\u00bb, destacan en el medio citado.<\/p>\n<p>Cecilie Thorsmark, directora ejecutiva del evento, ha explicado en <a href=\"https:\/\/pe.fashionnetwork.com\/news\/La-copenhagen-fashion-week-endurece-sus-reglas-en-materia-de-sostenibilidad,1619552.html\" target=\"_blank\" rel=\"noopener\">Fashion Network<\/a> que \u00abdesde que aplicamos por primera vez los requisitos de sostenibilidad a las marcas que desfilaron en la Copenhagen Fashion Week de 2023, nuestra ambici\u00f3n ha sido ampliar anualmente los requisitos para seguir impulsando a las marcas y seguir estableciendo el est\u00e1ndar para las semanas de la moda a nivel mundial\u00bb. \u00abPor lo tanto, estamos entusiasmados de lanzar la primera edici\u00f3n con Requisitos de Sostenibilidad actualizados. Con las ello no solo estamos elevando el list\u00f3n para las marcas en nuestro programa, sino que tambi\u00e9n reflejamos los <strong>desarrollos y aprendizajes de la industria<\/strong>, as\u00ed como el futuro panorama pol\u00edtico de la UE\u00bb, ha explicado la experta en la materia. La pr\u00f3xima edici\u00f3n de la Semana de la Moda de Copenhague tendr\u00e1 lugar del 5 al 9 de agosto.<\/p>\n<p><img decoding=\"async\" class=\"alignnone size-full wp-image-25778\" src=\"https:\/\/www.talentiam.com\/wp-content\/uploads\/2024\/04\/Captura-de-Pantalla-2024-04-01-a-las-9.52.59.jpg\" alt=\"\" width=\"2522\" height=\"1562\" srcset=\"https:\/\/www.talentiam.com\/wp-content\/uploads\/2024\/04\/Captura-de-Pantalla-2024-04-01-a-las-9.52.59.jpg 2522w, https:\/\/www.talentiam.com\/wp-content\/uploads\/2024\/04\/Captura-de-Pantalla-2024-04-01-a-las-9.52.59-300x186.jpg 300w, https:\/\/www.talentiam.com\/wp-content\/uploads\/2024\/04\/Captura-de-Pantalla-2024-04-01-a-las-9.52.59-1024x634.jpg 1024w, https:\/\/www.talentiam.com\/wp-content\/uploads\/2024\/04\/Captura-de-Pantalla-2024-04-01-a-las-9.52.59-768x476.jpg 768w, https:\/\/www.talentiam.com\/wp-content\/uploads\/2024\/04\/Captura-de-Pantalla-2024-04-01-a-las-9.52.59-1536x951.jpg 1536w, https:\/\/www.talentiam.com\/wp-content\/uploads\/2024\/04\/Captura-de-Pantalla-2024-04-01-a-las-9.52.59-2048x1268.jpg 2048w\" sizes=\"(max-width: 2522px) 100vw, 2522px\" \/><\/p>\n<p>Si tu gran pasi\u00f3n es la moda y el retail, no puedes perderte las novedades del sector en nuestras Redes Sociales (<a href=\"https:\/\/www.instagram.com\/talentiam_oficial\/\" target=\"_blank\" rel=\"noopener noreferrer\">Instagram<\/a>,\u00a0<a href=\"https:\/\/www.facebook.com\/talentiam\" target=\"_blank\" rel=\"noopener noreferrer\">Facebook<\/a>\u00a0y\u00a0<a href=\"https:\/\/twitter.com\/settings\/account\" target=\"_blank\" rel=\"noopener noreferrer\">Twitter<\/a>).<\/p>\n<article id=\"post-23602\" class=\"c-post post-23602 post type-post status-publish format-standard has-post-thumbnail hentry category-retail-moda tag-606 tag-coolhunter tag-coolhunting tag-desfiles tag-diseno tag-mexico tag-moda tag-noticias tag-tendencias\">\n<div class=\"c-post__content\">\n<p>Fotos | Semana de la Moda de Copenhague<\/p>\n<\/div>\n<\/article>\n","protected":false},"excerpt":{"rendered":"<p>La sostenbilidad sigue siendo protagonista dentro de la Semana de la Moda de Copenhague. Ahora, el foco est\u00e1 en las pieles y plumas ex\u00f3ticas.<\/p>\n","protected":false},"author":8,"featured_media":25776,"comment_status":"open","ping_status":"closed","sticky":false,"template":"","format":"standard","meta":{"_monsterinsights_skip_tracking":false,"_monsterinsights_sitenote_active":false,"_monsterinsights_sitenote_note":"","_monsterinsights_sitenote_category":0,"yasr_overall_rating":0,"yasr_post_is_review":"","yasr_auto_insert_disabled":"","yasr_review_type":"BlogPosting","footnotes":""},"categories":[101,111],"tags":[644,261,262,204,171,107,170],"class_list":["post-25775","post","type-post","status-publish","format-standard","has-post-thumbnail","hentry","category-noticias-moda","category-sostenibilidad","tag-644","tag-coolhunter","tag-coolhunting","tag-diseno","tag-fashion","tag-sostenibilidad","tag-sostenible"],"yasr_visitor_votes":{"stars_attributes":{"read_only":false,"span_bottom":false},"number_of_votes":0,"sum_votes":0},"yoast_head":"<!-- This site is optimized with the Yoast SEO plugin v27.4 - https:\/\/yoast.com\/product\/yoast-seo-wordpress\/ -->\n<title>La Semana de la Moda de Copenhague abandona las pieles y plumas ex\u00f3ticas<\/title>\n<meta name=\"description\" content=\"La sostenbilidad sigue siendo protagonista dentro de la Semana de la Moda de Copenhague. Ahora, el foco est\u00e1 en las pieles y plumas ex\u00f3ticas.\" \/>\n<meta name=\"robots\" content=\"index, follow, max-snippet:-1, max-image-preview:large, max-video-preview:-1\" \/>\n<link rel=\"canonical\" href=\"https:\/\/www.talentiam.com\/es\/blog\/la-semana-de-la-moda-de-copenhague-abandona-el-uso-de-pieles-y-plumas-exoticas\/\" \/>\n<meta property=\"og:locale\" content=\"es_ES\" \/>\n<meta property=\"og:type\" content=\"article\" \/>\n<meta property=\"og:title\" content=\"La Semana de la Moda de Copenhague abandona las pieles y plumas ex\u00f3ticas\" \/>\n<meta property=\"og:description\" content=\"La sostenbilidad sigue siendo protagonista dentro de la Semana de la Moda de Copenhague. Ahora, el foco est\u00e1 en las pieles y plumas ex\u00f3ticas.\" \/>\n<meta property=\"og:url\" content=\"https:\/\/www.talentiam.com\/es\/blog\/la-semana-de-la-moda-de-copenhague-abandona-el-uso-de-pieles-y-plumas-exoticas\/\" \/>\n<meta property=\"og:site_name\" content=\"talentiam\" \/>\n<meta property=\"article:publisher\" content=\"https:\/\/www.facebook.com\/talentiam\/\" \/>\n<meta property=\"article:published_time\" content=\"2024-04-01T07:56:39+00:00\" \/>\n<meta property=\"og:image\" content=\"https:\/\/www.talentiam.com\/wp-content\/uploads\/2024\/04\/Captura-de-Pantalla-2024-04-01-a-las-9.52.56.jpg\" \/>\n\t<meta property=\"og:image:width\" content=\"2522\" \/>\n\t<meta property=\"og:image:height\" content=\"1562\" \/>\n\t<meta property=\"og:image:type\" content=\"image\/jpeg\" \/>\n<meta name=\"author\" content=\"Talentiam\" \/>\n<meta name=\"twitter:card\" content=\"summary_large_image\" \/>\n<meta name=\"twitter:creator\" content=\"@talentiam\" \/>\n<meta name=\"twitter:site\" content=\"@talentiam\" \/>\n<meta name=\"twitter:label1\" content=\"Escrito por\" \/>\n\t<meta name=\"twitter:data1\" content=\"Talentiam\" \/>\n\t<meta name=\"twitter:label2\" content=\"Tiempo de lectura\" \/>\n\t<meta name=\"twitter:data2\" content=\"3 minutos\" \/>\n<script type=\"application\/ld+json\" class=\"yoast-schema-graph\">{\"@context\":\"https:\\\/\\\/schema.org\",\"@graph\":[{\"@type\":\"Article\",\"@id\":\"https:\\\/\\\/www.talentiam.com\\\/es\\\/blog\\\/la-semana-de-la-moda-de-copenhague-abandona-el-uso-de-pieles-y-plumas-exoticas\\\/#article\",\"isPartOf\":{\"@id\":\"https:\\\/\\\/www.talentiam.com\\\/es\\\/blog\\\/la-semana-de-la-moda-de-copenhague-abandona-el-uso-de-pieles-y-plumas-exoticas\\\/\"},\"author\":{\"name\":\"Talentiam\",\"@id\":\"https:\\\/\\\/www.talentiam.com\\\/es\\\/#\\\/schema\\\/person\\\/f60c15dd2bb156b136ce94fb22731a55\"},\"headline\":\"La Semana de la Moda de Copenhague abandona el uso de pieles y plumas ex\u00f3ticas\",\"datePublished\":\"2024-04-01T07:56:39+00:00\",\"mainEntityOfPage\":{\"@id\":\"https:\\\/\\\/www.talentiam.com\\\/es\\\/blog\\\/la-semana-de-la-moda-de-copenhague-abandona-el-uso-de-pieles-y-plumas-exoticas\\\/\"},\"wordCount\":438,\"commentCount\":0,\"publisher\":{\"@id\":\"https:\\\/\\\/www.talentiam.com\\\/es\\\/#organization\"},\"image\":{\"@id\":\"https:\\\/\\\/www.talentiam.com\\\/es\\\/blog\\\/la-semana-de-la-moda-de-copenhague-abandona-el-uso-de-pieles-y-plumas-exoticas\\\/#primaryimage\"},\"thumbnailUrl\":\"https:\\\/\\\/www.talentiam.com\\\/wp-content\\\/uploads\\\/2024\\\/04\\\/Captura-de-Pantalla-2024-04-01-a-las-9.52.56.jpg\",\"keywords\":[\"2024\",\"coolhunter\",\"coolhunting\",\"dise\u00f1o\",\"fashion\",\"sostenibilidad\",\"sostenible\"],\"articleSection\":[\"noticias moda\",\"Sostenibilidad\"],\"inLanguage\":\"es\",\"potentialAction\":[{\"@type\":\"CommentAction\",\"name\":\"Comment\",\"target\":[\"https:\\\/\\\/www.talentiam.com\\\/es\\\/blog\\\/la-semana-de-la-moda-de-copenhague-abandona-el-uso-de-pieles-y-plumas-exoticas\\\/#respond\"]}]},{\"@type\":\"WebPage\",\"@id\":\"https:\\\/\\\/www.talentiam.com\\\/es\\\/blog\\\/la-semana-de-la-moda-de-copenhague-abandona-el-uso-de-pieles-y-plumas-exoticas\\\/\",\"url\":\"https:\\\/\\\/www.talentiam.com\\\/es\\\/blog\\\/la-semana-de-la-moda-de-copenhague-abandona-el-uso-de-pieles-y-plumas-exoticas\\\/\",\"name\":\"La Semana de la Moda de Copenhague abandona las pieles y plumas ex\u00f3ticas\",\"isPartOf\":{\"@id\":\"https:\\\/\\\/www.talentiam.com\\\/es\\\/#website\"},\"primaryImageOfPage\":{\"@id\":\"https:\\\/\\\/www.talentiam.com\\\/es\\\/blog\\\/la-semana-de-la-moda-de-copenhague-abandona-el-uso-de-pieles-y-plumas-exoticas\\\/#primaryimage\"},\"image\":{\"@id\":\"https:\\\/\\\/www.talentiam.com\\\/es\\\/blog\\\/la-semana-de-la-moda-de-copenhague-abandona-el-uso-de-pieles-y-plumas-exoticas\\\/#primaryimage\"},\"thumbnailUrl\":\"https:\\\/\\\/www.talentiam.com\\\/wp-content\\\/uploads\\\/2024\\\/04\\\/Captura-de-Pantalla-2024-04-01-a-las-9.52.56.jpg\",\"datePublished\":\"2024-04-01T07:56:39+00:00\",\"description\":\"La sostenbilidad sigue siendo protagonista dentro de la Semana de la Moda de Copenhague. Ahora, el foco est\u00e1 en las pieles y plumas ex\u00f3ticas.\",\"breadcrumb\":{\"@id\":\"https:\\\/\\\/www.talentiam.com\\\/es\\\/blog\\\/la-semana-de-la-moda-de-copenhague-abandona-el-uso-de-pieles-y-plumas-exoticas\\\/#breadcrumb\"},\"inLanguage\":\"es\",\"potentialAction\":[{\"@type\":\"ReadAction\",\"target\":[\"https:\\\/\\\/www.talentiam.com\\\/es\\\/blog\\\/la-semana-de-la-moda-de-copenhague-abandona-el-uso-de-pieles-y-plumas-exoticas\\\/\"]}]},{\"@type\":\"ImageObject\",\"inLanguage\":\"es\",\"@id\":\"https:\\\/\\\/www.talentiam.com\\\/es\\\/blog\\\/la-semana-de-la-moda-de-copenhague-abandona-el-uso-de-pieles-y-plumas-exoticas\\\/#primaryimage\",\"url\":\"https:\\\/\\\/www.talentiam.com\\\/wp-content\\\/uploads\\\/2024\\\/04\\\/Captura-de-Pantalla-2024-04-01-a-las-9.52.56.jpg\",\"contentUrl\":\"https:\\\/\\\/www.talentiam.com\\\/wp-content\\\/uploads\\\/2024\\\/04\\\/Captura-de-Pantalla-2024-04-01-a-las-9.52.56.jpg\",\"width\":2522,\"height\":1562,\"caption\":\"Semana de la Moda de Copenhague\"},{\"@type\":\"BreadcrumbList\",\"@id\":\"https:\\\/\\\/www.talentiam.com\\\/es\\\/blog\\\/la-semana-de-la-moda-de-copenhague-abandona-el-uso-de-pieles-y-plumas-exoticas\\\/#breadcrumb\",\"itemListElement\":[{\"@type\":\"ListItem\",\"position\":1,\"name\":\"Portada\",\"item\":\"https:\\\/\\\/www.talentiam.com\\\/es\\\/\"},{\"@type\":\"ListItem\",\"position\":2,\"name\":\"La Semana de la Moda de Copenhague abandona el uso de pieles y plumas ex\u00f3ticas\"}]},{\"@type\":\"WebSite\",\"@id\":\"https:\\\/\\\/www.talentiam.com\\\/es\\\/#website\",\"url\":\"https:\\\/\\\/www.talentiam.com\\\/es\\\/\",\"name\":\"talentiam\",\"description\":\"retail evolution_\",\"publisher\":{\"@id\":\"https:\\\/\\\/www.talentiam.com\\\/es\\\/#organization\"},\"potentialAction\":[{\"@type\":\"SearchAction\",\"target\":{\"@type\":\"EntryPoint\",\"urlTemplate\":\"https:\\\/\\\/www.talentiam.com\\\/es\\\/?s={search_term_string}\"},\"query-input\":{\"@type\":\"PropertyValueSpecification\",\"valueRequired\":true,\"valueName\":\"search_term_string\"}}],\"inLanguage\":\"es\"},{\"@type\":\"Organization\",\"@id\":\"https:\\\/\\\/www.talentiam.com\\\/es\\\/#organization\",\"name\":\"talentiam retail evolution_\",\"url\":\"https:\\\/\\\/www.talentiam.com\\\/es\\\/\",\"logo\":{\"@type\":\"ImageObject\",\"inLanguage\":\"es\",\"@id\":\"https:\\\/\\\/www.talentiam.com\\\/es\\\/#\\\/schema\\\/logo\\\/image\\\/\",\"url\":\"https:\\\/\\\/www.talentiam.com\\\/wp-content\\\/uploads\\\/2018\\\/10\\\/talentiam-retail-evolution.png\",\"contentUrl\":\"https:\\\/\\\/www.talentiam.com\\\/wp-content\\\/uploads\\\/2018\\\/10\\\/talentiam-retail-evolution.png\",\"width\":200,\"height\":200,\"caption\":\"talentiam retail evolution_\"},\"image\":{\"@id\":\"https:\\\/\\\/www.talentiam.com\\\/es\\\/#\\\/schema\\\/logo\\\/image\\\/\"},\"sameAs\":[\"https:\\\/\\\/www.facebook.com\\\/talentiam\\\/\",\"https:\\\/\\\/x.com\\\/talentiam\",\"https:\\\/\\\/www.instagram.com\\\/talentiam_oficial\\\/\",\"https:\\\/\\\/www.linkedin.com\\\/company\\\/talentiam-retail-hr-evolution\\\/\"]},{\"@type\":\"Person\",\"@id\":\"https:\\\/\\\/www.talentiam.com\\\/es\\\/#\\\/schema\\\/person\\\/f60c15dd2bb156b136ce94fb22731a55\",\"name\":\"Talentiam\",\"image\":{\"@type\":\"ImageObject\",\"inLanguage\":\"es\",\"@id\":\"https:\\\/\\\/secure.gravatar.com\\\/avatar\\\/b551c0f89894eff636b290b16b6fa2d9c5a9ecb83ddb6c4f491334994630890a?s=96&d=mm&r=g\",\"url\":\"https:\\\/\\\/secure.gravatar.com\\\/avatar\\\/b551c0f89894eff636b290b16b6fa2d9c5a9ecb83ddb6c4f491334994630890a?s=96&d=mm&r=g\",\"contentUrl\":\"https:\\\/\\\/secure.gravatar.com\\\/avatar\\\/b551c0f89894eff636b290b16b6fa2d9c5a9ecb83ddb6c4f491334994630890a?s=96&d=mm&r=g\",\"caption\":\"Talentiam\"},\"url\":\"https:\\\/\\\/www.talentiam.com\\\/es\\\/blog\\\/author\\\/apardo\\\/\"},false]}<\/script>\n<!-- \/ Yoast SEO plugin. -->","yoast_head_json":{"title":"La Semana de la Moda de Copenhague abandona las pieles y plumas ex\u00f3ticas","description":"La sostenbilidad sigue siendo protagonista dentro de la Semana de la Moda de Copenhague. Ahora, el foco est\u00e1 en las pieles y plumas ex\u00f3ticas.","robots":{"index":"index","follow":"follow","max-snippet":"max-snippet:-1","max-image-preview":"max-image-preview:large","max-video-preview":"max-video-preview:-1"},"canonical":"https:\/\/www.talentiam.com\/es\/blog\/la-semana-de-la-moda-de-copenhague-abandona-el-uso-de-pieles-y-plumas-exoticas\/","og_locale":"es_ES","og_type":"article","og_title":"La Semana de la Moda de Copenhague abandona las pieles y plumas ex\u00f3ticas","og_description":"La sostenbilidad sigue siendo protagonista dentro de la Semana de la Moda de Copenhague. Ahora, el foco est\u00e1 en las pieles y plumas ex\u00f3ticas.","og_url":"https:\/\/www.talentiam.com\/es\/blog\/la-semana-de-la-moda-de-copenhague-abandona-el-uso-de-pieles-y-plumas-exoticas\/","og_site_name":"talentiam","article_publisher":"https:\/\/www.facebook.com\/talentiam\/","article_published_time":"2024-04-01T07:56:39+00:00","og_image":[{"width":2522,"height":1562,"url":"https:\/\/www.talentiam.com\/wp-content\/uploads\/2024\/04\/Captura-de-Pantalla-2024-04-01-a-las-9.52.56.jpg","type":"image\/jpeg"}],"author":"Talentiam","twitter_card":"summary_large_image","twitter_creator":"@talentiam","twitter_site":"@talentiam","twitter_misc":{"Escrito por":"Talentiam","Tiempo de lectura":"3 minutos"},"schema":{"@context":"https:\/\/schema.org","@graph":[{"@type":"Article","@id":"https:\/\/www.talentiam.com\/es\/blog\/la-semana-de-la-moda-de-copenhague-abandona-el-uso-de-pieles-y-plumas-exoticas\/#article","isPartOf":{"@id":"https:\/\/www.talentiam.com\/es\/blog\/la-semana-de-la-moda-de-copenhague-abandona-el-uso-de-pieles-y-plumas-exoticas\/"},"author":{"name":"Talentiam","@id":"https:\/\/www.talentiam.com\/es\/#\/schema\/person\/f60c15dd2bb156b136ce94fb22731a55"},"headline":"La Semana de la Moda de Copenhague abandona el uso de pieles y plumas ex\u00f3ticas","datePublished":"2024-04-01T07:56:39+00:00","mainEntityOfPage":{"@id":"https:\/\/www.talentiam.com\/es\/blog\/la-semana-de-la-moda-de-copenhague-abandona-el-uso-de-pieles-y-plumas-exoticas\/"},"wordCount":438,"commentCount":0,"publisher":{"@id":"https:\/\/www.talentiam.com\/es\/#organization"},"image":{"@id":"https:\/\/www.talentiam.com\/es\/blog\/la-semana-de-la-moda-de-copenhague-abandona-el-uso-de-pieles-y-plumas-exoticas\/#primaryimage"},"thumbnailUrl":"https:\/\/www.talentiam.com\/wp-content\/uploads\/2024\/04\/Captura-de-Pantalla-2024-04-01-a-las-9.52.56.jpg","keywords":["2024","coolhunter","coolhunting","dise\u00f1o","fashion","sostenibilidad","sostenible"],"articleSection":["noticias moda","Sostenibilidad"],"inLanguage":"es","potentialAction":[{"@type":"CommentAction","name":"Comment","target":["https:\/\/www.talentiam.com\/es\/blog\/la-semana-de-la-moda-de-copenhague-abandona-el-uso-de-pieles-y-plumas-exoticas\/#respond"]}]},{"@type":"WebPage","@id":"https:\/\/www.talentiam.com\/es\/blog\/la-semana-de-la-moda-de-copenhague-abandona-el-uso-de-pieles-y-plumas-exoticas\/","url":"https:\/\/www.talentiam.com\/es\/blog\/la-semana-de-la-moda-de-copenhague-abandona-el-uso-de-pieles-y-plumas-exoticas\/","name":"La Semana de la Moda de Copenhague abandona las pieles y plumas ex\u00f3ticas","isPartOf":{"@id":"https:\/\/www.talentiam.com\/es\/#website"},"primaryImageOfPage":{"@id":"https:\/\/www.talentiam.com\/es\/blog\/la-semana-de-la-moda-de-copenhague-abandona-el-uso-de-pieles-y-plumas-exoticas\/#primaryimage"},"image":{"@id":"https:\/\/www.talentiam.com\/es\/blog\/la-semana-de-la-moda-de-copenhague-abandona-el-uso-de-pieles-y-plumas-exoticas\/#primaryimage"},"thumbnailUrl":"https:\/\/www.talentiam.com\/wp-content\/uploads\/2024\/04\/Captura-de-Pantalla-2024-04-01-a-las-9.52.56.jpg","datePublished":"2024-04-01T07:56:39+00:00","description":"La sostenbilidad sigue siendo protagonista dentro de la Semana de la Moda de Copenhague. Ahora, el foco est\u00e1 en las pieles y plumas ex\u00f3ticas.","breadcrumb":{"@id":"https:\/\/www.talentiam.com\/es\/blog\/la-semana-de-la-moda-de-copenhague-abandona-el-uso-de-pieles-y-plumas-exoticas\/#breadcrumb"},"inLanguage":"es","potentialAction":[{"@type":"ReadAction","target":["https:\/\/www.talentiam.com\/es\/blog\/la-semana-de-la-moda-de-copenhague-abandona-el-uso-de-pieles-y-plumas-exoticas\/"]}]},{"@type":"ImageObject","inLanguage":"es","@id":"https:\/\/www.talentiam.com\/es\/blog\/la-semana-de-la-moda-de-copenhague-abandona-el-uso-de-pieles-y-plumas-exoticas\/#primaryimage","url":"https:\/\/www.talentiam.com\/wp-content\/uploads\/2024\/04\/Captura-de-Pantalla-2024-04-01-a-las-9.52.56.jpg","contentUrl":"https:\/\/www.talentiam.com\/wp-content\/uploads\/2024\/04\/Captura-de-Pantalla-2024-04-01-a-las-9.52.56.jpg","width":2522,"height":1562,"caption":"Semana de la Moda de Copenhague"},{"@type":"BreadcrumbList","@id":"https:\/\/www.talentiam.com\/es\/blog\/la-semana-de-la-moda-de-copenhague-abandona-el-uso-de-pieles-y-plumas-exoticas\/#breadcrumb","itemListElement":[{"@type":"ListItem","position":1,"name":"Portada","item":"https:\/\/www.talentiam.com\/es\/"},{"@type":"ListItem","position":2,"name":"La Semana de la Moda de Copenhague abandona el uso de pieles y plumas ex\u00f3ticas"}]},{"@type":"WebSite","@id":"https:\/\/www.talentiam.com\/es\/#website","url":"https:\/\/www.talentiam.com\/es\/","name":"talentiam","description":"retail evolution_","publisher":{"@id":"https:\/\/www.talentiam.com\/es\/#organization"},"potentialAction":[{"@type":"SearchAction","target":{"@type":"EntryPoint","urlTemplate":"https:\/\/www.talentiam.com\/es\/?s={search_term_string}"},"query-input":{"@type":"PropertyValueSpecification","valueRequired":true,"valueName":"search_term_string"}}],"inLanguage":"es"},{"@type":"Organization","@id":"https:\/\/www.talentiam.com\/es\/#organization","name":"talentiam retail evolution_","url":"https:\/\/www.talentiam.com\/es\/","logo":{"@type":"ImageObject","inLanguage":"es","@id":"https:\/\/www.talentiam.com\/es\/#\/schema\/logo\/image\/","url":"https:\/\/www.talentiam.com\/wp-content\/uploads\/2018\/10\/talentiam-retail-evolution.png","contentUrl":"https:\/\/www.talentiam.com\/wp-content\/uploads\/2018\/10\/talentiam-retail-evolution.png","width":200,"height":200,"caption":"talentiam retail evolution_"},"image":{"@id":"https:\/\/www.talentiam.com\/es\/#\/schema\/logo\/image\/"},"sameAs":["https:\/\/www.facebook.com\/talentiam\/","https:\/\/x.com\/talentiam","https:\/\/www.instagram.com\/talentiam_oficial\/","https:\/\/www.linkedin.com\/company\/talentiam-retail-hr-evolution\/"]},{"@type":"Person","@id":"https:\/\/www.talentiam.com\/es\/#\/schema\/person\/f60c15dd2bb156b136ce94fb22731a55","name":"Talentiam","image":{"@type":"ImageObject","inLanguage":"es","@id":"https:\/\/secure.gravatar.com\/avatar\/b551c0f89894eff636b290b16b6fa2d9c5a9ecb83ddb6c4f491334994630890a?s=96&d=mm&r=g","url":"https:\/\/secure.gravatar.com\/avatar\/b551c0f89894eff636b290b16b6fa2d9c5a9ecb83ddb6c4f491334994630890a?s=96&d=mm&r=g","contentUrl":"https:\/\/secure.gravatar.com\/avatar\/b551c0f89894eff636b290b16b6fa2d9c5a9ecb83ddb6c4f491334994630890a?s=96&d=mm&r=g","caption":"Talentiam"},"url":"https:\/\/www.talentiam.com\/es\/blog\/author\/apardo\/"},false]}},"_links":{"self":[{"href":"https:\/\/www.talentiam.com\/es\/wp-json\/wp\/v2\/posts\/25775","targetHints":{"allow":["GET"]}}],"collection":[{"href":"https:\/\/www.talentiam.com\/es\/wp-json\/wp\/v2\/posts"}],"about":[{"href":"https:\/\/www.talentiam.com\/es\/wp-json\/wp\/v2\/types\/post"}],"author":[{"embeddable":true,"href":"https:\/\/www.talentiam.com\/es\/wp-json\/wp\/v2\/users\/8"}],"replies":[{"embeddable":true,"href":"https:\/\/www.talentiam.com\/es\/wp-json\/wp\/v2\/comments?post=25775"}],"version-history":[{"count":0,"href":"https:\/\/www.talentiam.com\/es\/wp-json\/wp\/v2\/posts\/25775\/revisions"}],"wp:featuredmedia":[{"embeddable":true,"href":"https:\/\/www.talentiam.com\/es\/wp-json\/wp\/v2\/media\/25776"}],"wp:attachment":[{"href":"https:\/\/www.talentiam.com\/es\/wp-json\/wp\/v2\/media?parent=25775"}],"wp:term":[{"taxonomy":"category","embeddable":true,"href":"https:\/\/www.talentiam.com\/es\/wp-json\/wp\/v2\/categories?post=25775"},{"taxonomy":"post_tag","embeddable":true,"href":"https:\/\/www.talentiam.com\/es\/wp-json\/wp\/v2\/tags?post=25775"}],"curies":[{"name":"wp","href":"https:\/\/api.w.org\/{rel}","templated":true}]}}